{"id":15910,"date":"2023-08-14T23:26:46","date_gmt":"2023-08-15T04:26:46","guid":{"rendered":"https:\/\/mayankin.com\/es\/?p=15910"},"modified":"2023-08-16T23:04:25","modified_gmt":"2023-08-17T04:04:25","slug":"oe-guerrero-amarillo-avanzando-con-valentia","status":"publish","type":"post","link":"https:\/\/mayankin.com\/es\/blog\/oe-guerrero-amarillo-avanzando-con-valentia\/","title":{"rendered":"OE Guerrero Amarillo"},"content":{"rendered":"\n<div style=\"height:30px\" aria-hidden=\"true\" class=\"wp-block-spacer\"><\/div>\n\n\n<div class=\"wp-block-image\">\n<figure class=\"aligncenter size-full is-resized\"><img loading=\"lazy\" decoding=\"async\" src=\"https:\/\/mayankin.com\/es\/wp-content\/uploads\/2023\/08\/MayanKin-Mariela-Maya-Tzolkin-Guerrero-Amarillo-Cib-Mariposa-020323-OE16-FI.png\" alt=\"\" class=\"wp-image-15916\" width=\"500\" height=\"500\" srcset=\"https:\/\/mayankin.com\/es\/wp-content\/uploads\/2023\/08\/MayanKin-Mariela-Maya-Tzolkin-Guerrero-Amarillo-Cib-Mariposa-020323-OE16-FI.png 1000w, https:\/\/mayankin.com\/es\/wp-content\/uploads\/2023\/08\/MayanKin-Mariela-Maya-Tzolkin-Guerrero-Amarillo-Cib-Mariposa-020323-OE16-FI-300x300.png 300w, https:\/\/mayankin.com\/es\/wp-content\/uploads\/2023\/08\/MayanKin-Mariela-Maya-Tzolkin-Guerrero-Amarillo-Cib-Mariposa-020323-OE16-FI-150x150.png 150w, https:\/\/mayankin.com\/es\/wp-content\/uploads\/2023\/08\/MayanKin-Mariela-Maya-Tzolkin-Guerrero-Amarillo-Cib-Mariposa-020323-OE16-FI-768x768.png 768w, https:\/\/mayankin.com\/es\/wp-content\/uploads\/2023\/08\/MayanKin-Mariela-Maya-Tzolkin-Guerrero-Amarillo-Cib-Mariposa-020323-OE16-FI-500x500.png 500w, https:\/\/mayankin.com\/es\/wp-content\/uploads\/2023\/08\/MayanKin-Mariela-Maya-Tzolkin-Guerrero-Amarillo-Cib-Mariposa-020323-OE16-FI-655x655.png 655w, https:\/\/mayankin.com\/es\/wp-content\/uploads\/2023\/08\/MayanKin-Mariela-Maya-Tzolkin-Guerrero-Amarillo-Cib-Mariposa-020323-OE16-FI-180x180.png 180w\" sizes=\"auto, (max-width: 500px) 100vw, 500px\" \/><\/figure>\n<\/div>\n\n\n<div style=\"height:50px\" aria-hidden=\"true\" class=\"wp-block-spacer\"><\/div>\n\n\n\n<p class=\"has-text-align-center has-medium-font-size\"><a href=\"https:\/\/mayankin.com\/es\/wp-content\/uploads\/2022\/11\/MayanKin-Mariela-Maya-BridgingWorlds-Tzolkin-Onda-Encantada-Corporizada-Guerrero-Amarillo-Cib-051922-OE16.pdf\" target=\"_blank\" rel=\"noreferrer noopener\">Onda Encantada 13 Preguntas<\/a><\/p>\n\n\n\n<div style=\"height:50px\" aria-hidden=\"true\" class=\"wp-block-spacer\"><\/div>\n\n\n\n<p>La <strong>Onda Encantada del Guerrero Amarillo <\/strong>comienza hoy con trece d\u00edas para tener la valent\u00eda de ponerte metas y hacerlas realidad!<\/p>\n\n\n\n<p><strong>En la Luz<\/strong>: teniendo claros objetivos; sabiendo los pasos necesarios; siendo valiente para seguir adelante; teniendo flexibilidad para ajustar el curso<\/p>\n\n\n\n<p><strong>En la Sombra<\/strong>: dudamos de nosotros mismos; teniendo miedo de avanzar; temiendo al fracaso y tambi\u00e9n al \u00e9xito; quedando atrapada\/o en los \"qu\u00e9 pasa si\u2026\"<\/p>\n\n\n\n<p><strong>Preguntas para la Reflexi\u00f3n<\/strong>: cu\u00e1les son tus metas? Haces un plan para llegar all\u00ed? Si es as\u00ed, es algo que te gusta hacer, que no te importa o que te obsesiona? Planeas solo con la cabeza o tambi\u00e9n le pones el coraz\u00f3n? Eres flexible o demasiado estricta\/o cuando planificas con anticipaci\u00f3n? Qu\u00e9 sucede cuando hay \u201cdesv\u00edos\u201d y las cosas no salen seg\u00fan lo planeado? Eres resiliente?<\/p>\n\n\n\n<p><strong>Acciones para la Transformaci\u00f3n:<\/strong> durante esta Onda Encantada t\u00f3mate un tiempo para hacerte preguntas con respecto a lo que quieres lograr. Elije un objetivo espec\u00edfico y escribe los pasos que debes seguir para lograrlo. Si bien puedes pedirle a otros sus sugerencias, aseg\u00farate de escuchar siempre las respuestas internas, ya que eres la \u00fanica que realmente sabe lo que hay que hacer. Un pasito a la vez.<\/p>\n\n\n\n<div style=\"height:30px\" aria-hidden=\"true\" class=\"wp-block-spacer\"><\/div>\n\n\n<div class=\"wp-block-image\">\n<figure class=\"aligncenter size-full\"><a href=\"https:\/\/mayankin.com\/es\/wp-content\/uploads\/2023\/02\/MayanKin-Mariela-Maya-Tzolkin-Modulo-Armonico-Nuevo-Ciclo-020323-HO.pdf\" target=\"_blank\" rel=\"noreferrer noopener\"><img loading=\"lazy\" decoding=\"async\" width=\"500\" height=\"647\" src=\"https:\/\/mayankin.com\/es\/wp-content\/uploads\/2023\/08\/MayanKin-Mariela-Maya-Tzolkin-Modulo-Armonico-OE-Guerrero-Amarillo-020323-OE16.jpg\" alt=\"\" class=\"wp-image-15913\" srcset=\"https:\/\/mayankin.com\/es\/wp-content\/uploads\/2023\/08\/MayanKin-Mariela-Maya-Tzolkin-Modulo-Armonico-OE-Guerrero-Amarillo-020323-OE16.jpg 500w, https:\/\/mayankin.com\/es\/wp-content\/uploads\/2023\/08\/MayanKin-Mariela-Maya-Tzolkin-Modulo-Armonico-OE-Guerrero-Amarillo-020323-OE16-232x300.jpg 232w\" sizes=\"auto, (max-width: 500px) 100vw, 500px\" \/><\/a><\/figure>\n<\/div>\n\n\n<div style=\"height:50px\" aria-hidden=\"true\" class=\"wp-block-spacer\"><\/div>\n\n\n\n<hr class=\"wp-block-separator has-alpha-channel-opacity is-style-dots\"\/>\n\n\n\n<p>Si reci\u00e9n nos est\u00e1s acompa\u00f1ando, puedes consultar la primera Onda Encantada de este ciclo <a href=\"https:\/\/mayankin.com\/es\/blog\/oe-dragon-rojo-metas-para-este-ciclo\/\" target=\"_blank\" rel=\"noreferrer noopener\">aqu\u00ed<\/a>. Encontrar\u00e1s una breve explicaci\u00f3n de los componentes b\u00e1sicos del Tzolkin y lo que significa la Matriz Tzolkin o M\u00f3dulo Arm\u00f3nico como un mapa para sintonizarte con las energ\u00edas a diario.<\/p>\n\n\n\n<hr class=\"wp-block-separator has-alpha-channel-opacity is-style-dots\"\/>\n\n\n\n<h2 class=\"wp-block-heading has-text-align-center\" id=\"5\">Agenda de Tzolkin Diaria para el Ciclo Actual<\/h2>\n\n\n\n<p class=\"has-text-align-center\"><strong><em>Producto digital en formato PDF (tama\u00f1o de papel carta o A4)<\/em><\/strong><\/p>\n\n\n<div class=\"wp-block-image\">\n<figure class=\"aligncenter size-full\"><a href=\"https:\/\/mayankin.com\/es\/product\/agenda-diaria-tzolkin-020323\/\" target=\"_blank\" rel=\"noopener\"><img loading=\"lazy\" decoding=\"async\" width=\"500\" height=\"500\" src=\"https:\/\/mayankin.com\/es\/wp-content\/uploads\/2023\/01\/MayanKin-Mariela-Maya-Tzolkin-Agenda-Diaria-020323-Tile-WPWSF.jpg\" alt=\"\" class=\"wp-image-15667\" srcset=\"https:\/\/mayankin.com\/es\/wp-content\/uploads\/2023\/01\/MayanKin-Mariela-Maya-Tzolkin-Agenda-Diaria-020323-Tile-WPWSF.jpg 500w, https:\/\/mayankin.com\/es\/wp-content\/uploads\/2023\/01\/MayanKin-Mariela-Maya-Tzolkin-Agenda-Diaria-020323-Tile-WPWSF-300x300.jpg 300w, https:\/\/mayankin.com\/es\/wp-content\/uploads\/2023\/01\/MayanKin-Mariela-Maya-Tzolkin-Agenda-Diaria-020323-Tile-WPWSF-150x150.jpg 150w, https:\/\/mayankin.com\/es\/wp-content\/uploads\/2023\/01\/MayanKin-Mariela-Maya-Tzolkin-Agenda-Diaria-020323-Tile-WPWSF-180x180.jpg 180w\" sizes=\"auto, (max-width: 500px) 100vw, 500px\" \/><\/a><\/figure>\n<\/div>\n\n\n<div style=\"height:50px\" aria-hidden=\"true\" class=\"wp-block-spacer\"><\/div>\n\n\n\n<p>Obt\u00e9n <a href=\"https:\/\/mayankin.com\/es\/product\/agenda-diaria-tzolkin-020323\/\" target=\"_blank\" rel=\"noreferrer noopener\">aqu\u00ed<\/a> la versi\u00f3n digital de la Agenda de Tzolkin Diaria para que puedas imprimirla y comenzar este nuevo ciclo planificando tus d\u00edas en sincron\u00eda con las energ\u00edas diarias! A medida que corporizadas la Onda Encantada diariamente, esta agenda tambi\u00e9n es una gran compa\u00f1era para anotar cualquier experiencia especial, como sincronicidades, percepciones, sue\u00f1os, eventos y otros.<\/p>\n\n\n\n<hr class=\"wp-block-separator has-css-opacity is-style-dots\"\/>\n\n\n\n<h3 class=\"wp-block-heading has-text-align-center\" id=\"quieres-seguir-explorando\">\u00bfQuieres seguir explorando?<\/h3>\n\n\n\n<figure class=\"wp-block-image size-large is-resized ws-promo\"><a href=\"https:\/\/mayankin.com\/es\/aprendiendo\/\" target=\"_blank\" rel=\"noopener noreferrer\"><img loading=\"lazy\" decoding=\"async\" src=\"https:\/\/mayankin.com\/es\/wp-content\/uploads\/2020\/04\/MayanKin-Mariela-Maya-BridgingWorlds-WSM-Aprendiendo-Tile.jpg\" alt=\"\" class=\"wp-image-12750\" width=\"200\" height=\"300\" srcset=\"https:\/\/mayankin.com\/es\/wp-content\/uploads\/2020\/04\/MayanKin-Mariela-Maya-BridgingWorlds-WSM-Aprendiendo-Tile.jpg 500w, https:\/\/mayankin.com\/es\/wp-content\/uploads\/2020\/04\/MayanKin-Mariela-Maya-BridgingWorlds-WSM-Aprendiendo-Tile-200x300.jpg 200w\" sizes=\"auto, (max-width: 200px) 100vw, 200px\" \/><\/a><\/figure>\n\n\n\n<figure class=\"wp-block-image size-large is-resized ws-promo\"><a href=\"https:\/\/mayankin.com\/es\/sesiones\/\" target=\"_blank\" rel=\"noopener noreferrer\"><img loading=\"lazy\" decoding=\"async\" src=\"https:\/\/mayankin.com\/es\/wp-content\/uploads\/2020\/04\/MayanKin-Mariela-Maya-BridgingWorlds-WSM-Sesiones-Tile.jpg\" alt=\"\" class=\"wp-image-12751\" width=\"200\" height=\"300\" srcset=\"https:\/\/mayankin.com\/es\/wp-content\/uploads\/2020\/04\/MayanKin-Mariela-Maya-BridgingWorlds-WSM-Sesiones-Tile.jpg 500w, https:\/\/mayankin.com\/es\/wp-content\/uploads\/2020\/04\/MayanKin-Mariela-Maya-BridgingWorlds-WSM-Sesiones-Tile-200x300.jpg 200w\" sizes=\"auto, (max-width: 200px) 100vw, 200px\" \/><\/a><\/figure>\n\n\n\n<figure class=\"wp-block-image size-large is-resized ws-promo\"><a href=\"https:\/\/mayankin.com\/es\/seminarios-web\/\" target=\"_blank\" rel=\"noopener noreferrer\"><img loading=\"lazy\" decoding=\"async\" src=\"https:\/\/mayankin.com\/es\/wp-content\/uploads\/2020\/03\/MayanKin-Mariela-Maya-BridgingWorlds-WSM-Seminarios-Tile.jpg\" alt=\"\" class=\"wp-image-12758\" width=\"200\" height=\"275\"\/><\/a><\/figure>\n\n\n\n<figure class=\"wp-block-image size-large is-resized ws-promo\"><a href=\"https:\/\/mayankin.com\/es\/viajes-para-el-alma\/\" target=\"_blank\" rel=\"noopener noreferrer\"><img loading=\"lazy\" decoding=\"async\" src=\"https:\/\/mayankin.com\/es\/wp-content\/uploads\/2020\/04\/MayanKin-Mariela-Maya-BridgingWorlds-WSM-Viajes-Tile.jpg\" alt=\"\" class=\"wp-image-12752\" width=\"200\" height=\"300\" srcset=\"https:\/\/mayankin.com\/es\/wp-content\/uploads\/2020\/04\/MayanKin-Mariela-Maya-BridgingWorlds-WSM-Viajes-Tile.jpg 500w, https:\/\/mayankin.com\/es\/wp-content\/uploads\/2020\/04\/MayanKin-Mariela-Maya-BridgingWorlds-WSM-Viajes-Tile-200x300.jpg 200w\" sizes=\"auto, (max-width: 200px) 100vw, 200px\" \/><\/a><\/figure>\n\n\n\n<p><em>Nota<\/em>: Por el momento los seminarios y materiales se encuentran solamente en ingl\u00e9s. Estoy finalizando en este momento la traducci\u00f3n de mi libro al espa\u00f1ol y, una vez publicado, el siguiente paso ser\u00e1 tambi\u00e9n ofrecer los seminarios en espa\u00f1ol. Les avisar\u00e9 cuando est\u00e9n disponibles.<\/p>\n","protected":false},"excerpt":{"rendered":"<p>Onda Encantada 13 Preguntas La Onda Encantada del Guerrero Amarillo comienza hoy con trece d\u00edas para tener la valent\u00eda de ponerte metas y hacerlas realidad! En la Luz: teniendo claros objetivos; sabiendo los pasos necesarios; siendo valiente para seguir adelante; teniendo flexibilidad para ajustar el curso En la Sombra: dudamos de nosotros mismos; teniendo miedo [&hellip;]<\/p>\n","protected":false},"author":2,"featured_media":15598,"comment_status":"open","ping_status":"open","sticky":false,"template":"","format":"standard","meta":{"_monsterinsights_skip_tracking":false,"_monsterinsights_sitenote_active":false,"_monsterinsights_sitenote_note":"","_monsterinsights_sitenote_category":0,"_genesis_hide_title":false,"_genesis_hide_breadcrumbs":false,"_genesis_hide_singular_image":false,"_genesis_hide_footer_widgets":false,"_genesis_custom_body_class":"ws-red","_genesis_custom_post_class":"","_genesis_layout":"","footnotes":""},"categories":[127],"tags":[26,28,29,85,101],"class_list":{"0":"post-15910","1":"post","2":"type-post","3":"status-publish","4":"format-standard","5":"has-post-thumbnail","7":"category-ciclo-anterior-3-feb-20-oct-2023","8":"tag-mariela-maya","9":"tag-mayankin","10":"tag-tzolkin","11":"tag-calendario-maya","12":"tag-onda-encantada-del-guerrero-amarillo","13":"entry"},"yoast_head":"<!-- This site is optimized with the Yoast SEO plugin v26.6 - https:\/\/yoast.com\/wordpress\/plugins\/seo\/ -->\n<title>Avanzando con Valentia | OE Guerrero Amarillo - MayanKin<\/title>\n<meta name=\"description\" content=\"La Onda Encantada del Guerrero Amarillo comienza hoy con trece d\u00edas para tener la valent\u00eda de ponerte metas y hacerlas realidad!\" \/>\n<meta name=\"robots\" content=\"index, follow, max-snippet:-1, max-image-preview:large, max-video-preview:-1\" \/>\n<link rel=\"canonical\" href=\"https:\/\/mayankin.com\/es\/blog\/oe-guerrero-amarillo-avanzando-con-valentia\/\" \/>\n<meta property=\"og:locale\" content=\"es_ES\" \/>\n<meta property=\"og:type\" content=\"article\" \/>\n<meta property=\"og:title\" content=\"Avanzando con Valentia | OE Guerrero Amarillo - MayanKin\" \/>\n<meta property=\"og:description\" content=\"La Onda Encantada del Guerrero Amarillo comienza hoy con trece d\u00edas para tener la valent\u00eda de ponerte metas y hacerlas realidad!\" \/>\n<meta property=\"og:url\" content=\"https:\/\/mayankin.com\/es\/blog\/oe-guerrero-amarillo-avanzando-con-valentia\/\" \/>\n<meta property=\"og:site_name\" content=\"MayanKin\" \/>\n<meta property=\"article:publisher\" content=\"https:\/\/www.facebook.com\/MayanKinEspanol\/\" \/>\n<meta property=\"article:published_time\" content=\"2023-08-15T04:26:46+00:00\" \/>\n<meta property=\"article:modified_time\" content=\"2023-08-17T04:04:25+00:00\" \/>\n<meta property=\"og:image\" content=\"https:\/\/mayankin.com\/es\/wp-content\/uploads\/2022\/11\/MayanKin-Mariela-Maya-BridgingWorlds-Tzolkin-Yellow-Warrior-Cib-Butterfly-090121-WS16-FI.png\" \/>\n\t<meta property=\"og:image:width\" content=\"500\" \/>\n\t<meta property=\"og:image:height\" content=\"392\" \/>\n\t<meta property=\"og:image:type\" content=\"image\/png\" \/>\n<meta name=\"author\" content=\"Mariela Maya\" \/>\n<meta name=\"twitter:card\" content=\"summary_large_image\" \/>\n<meta name=\"twitter:creator\" content=\"@mayankin\" \/>\n<meta name=\"twitter:site\" content=\"@mayankin\" \/>\n<meta name=\"twitter:label1\" content=\"Escrito por\" \/>\n\t<meta name=\"twitter:data1\" content=\"Mariela Maya\" \/>\n\t<meta name=\"twitter:label2\" content=\"Tiempo de lectura\" \/>\n\t<meta name=\"twitter:data2\" content=\"4 minutos\" \/>\n<script type=\"application\/ld+json\" class=\"yoast-schema-graph\">{\"@context\":\"https:\/\/schema.org\",\"@graph\":[{\"@type\":\"Article\",\"@id\":\"https:\/\/mayankin.com\/es\/blog\/oe-guerrero-amarillo-avanzando-con-valentia\/#article\",\"isPartOf\":{\"@id\":\"https:\/\/mayankin.com\/es\/blog\/oe-guerrero-amarillo-avanzando-con-valentia\/\"},\"author\":{\"name\":\"Mariela Maya\",\"@id\":\"https:\/\/mayankin.com\/es\/#\/schema\/person\/601cc66c44bf0f716391c6c43b67bfcb\"},\"headline\":\"OE Guerrero Amarillo\",\"datePublished\":\"2023-08-15T04:26:46+00:00\",\"dateModified\":\"2023-08-17T04:04:25+00:00\",\"mainEntityOfPage\":{\"@id\":\"https:\/\/mayankin.com\/es\/blog\/oe-guerrero-amarillo-avanzando-con-valentia\/\"},\"wordCount\":413,\"commentCount\":0,\"publisher\":{\"@id\":\"https:\/\/mayankin.com\/es\/#organization\"},\"image\":{\"@id\":\"https:\/\/mayankin.com\/es\/blog\/oe-guerrero-amarillo-avanzando-con-valentia\/#primaryimage\"},\"thumbnailUrl\":\"https:\/\/mayankin.com\/es\/wp-content\/uploads\/2022\/11\/MayanKin-Mariela-Maya-BridgingWorlds-Tzolkin-Yellow-Warrior-Cib-Butterfly-090121-WS16-FI.png\",\"keywords\":[\"mariela maya\",\"mayankin\",\"tzolkin\",\"Calendario Maya\",\"Onda Encantada del Guerrero Amarillo\"],\"articleSection\":[\"Ciclo Anterior 3 Feb - 20 Oct 2023\"],\"inLanguage\":\"es\",\"potentialAction\":[{\"@type\":\"CommentAction\",\"name\":\"Comment\",\"target\":[\"https:\/\/mayankin.com\/es\/blog\/oe-guerrero-amarillo-avanzando-con-valentia\/#respond\"]}]},{\"@type\":\"WebPage\",\"@id\":\"https:\/\/mayankin.com\/es\/blog\/oe-guerrero-amarillo-avanzando-con-valentia\/\",\"url\":\"https:\/\/mayankin.com\/es\/blog\/oe-guerrero-amarillo-avanzando-con-valentia\/\",\"name\":\"Avanzando con Valentia | OE Guerrero Amarillo - MayanKin\",\"isPartOf\":{\"@id\":\"https:\/\/mayankin.com\/es\/#website\"},\"primaryImageOfPage\":{\"@id\":\"https:\/\/mayankin.com\/es\/blog\/oe-guerrero-amarillo-avanzando-con-valentia\/#primaryimage\"},\"image\":{\"@id\":\"https:\/\/mayankin.com\/es\/blog\/oe-guerrero-amarillo-avanzando-con-valentia\/#primaryimage\"},\"thumbnailUrl\":\"https:\/\/mayankin.com\/es\/wp-content\/uploads\/2022\/11\/MayanKin-Mariela-Maya-BridgingWorlds-Tzolkin-Yellow-Warrior-Cib-Butterfly-090121-WS16-FI.png\",\"datePublished\":\"2023-08-15T04:26:46+00:00\",\"dateModified\":\"2023-08-17T04:04:25+00:00\",\"description\":\"La Onda Encantada del Guerrero Amarillo comienza hoy con trece d\u00edas para tener la valent\u00eda de ponerte metas y hacerlas realidad!\",\"breadcrumb\":{\"@id\":\"https:\/\/mayankin.com\/es\/blog\/oe-guerrero-amarillo-avanzando-con-valentia\/#breadcrumb\"},\"inLanguage\":\"es\",\"potentialAction\":[{\"@type\":\"ReadAction\",\"target\":[\"https:\/\/mayankin.com\/es\/blog\/oe-guerrero-amarillo-avanzando-con-valentia\/\"]}]},{\"@type\":\"ImageObject\",\"inLanguage\":\"es\",\"@id\":\"https:\/\/mayankin.com\/es\/blog\/oe-guerrero-amarillo-avanzando-con-valentia\/#primaryimage\",\"url\":\"https:\/\/mayankin.com\/es\/wp-content\/uploads\/2022\/11\/MayanKin-Mariela-Maya-BridgingWorlds-Tzolkin-Yellow-Warrior-Cib-Butterfly-090121-WS16-FI.png\",\"contentUrl\":\"https:\/\/mayankin.com\/es\/wp-content\/uploads\/2022\/11\/MayanKin-Mariela-Maya-BridgingWorlds-Tzolkin-Yellow-Warrior-Cib-Butterfly-090121-WS16-FI.png\",\"width\":500,\"height\":392},{\"@type\":\"BreadcrumbList\",\"@id\":\"https:\/\/mayankin.com\/es\/blog\/oe-guerrero-amarillo-avanzando-con-valentia\/#breadcrumb\",\"itemListElement\":[{\"@type\":\"ListItem\",\"position\":1,\"name\":\"Portada\",\"item\":\"https:\/\/mayankin.com\/es\/\"},{\"@type\":\"ListItem\",\"position\":2,\"name\":\"OE Guerrero Amarillo\"}]},{\"@type\":\"WebSite\",\"@id\":\"https:\/\/mayankin.com\/es\/#website\",\"url\":\"https:\/\/mayankin.com\/es\/\",\"name\":\"MayanKin\",\"description\":\"\",\"publisher\":{\"@id\":\"https:\/\/mayankin.com\/es\/#organization\"},\"potentialAction\":[{\"@type\":\"SearchAction\",\"target\":{\"@type\":\"EntryPoint\",\"urlTemplate\":\"https:\/\/mayankin.com\/es\/?s={search_term_string}\"},\"query-input\":{\"@type\":\"PropertyValueSpecification\",\"valueRequired\":true,\"valueName\":\"search_term_string\"}}],\"inLanguage\":\"es\"},{\"@type\":\"Organization\",\"@id\":\"https:\/\/mayankin.com\/es\/#organization\",\"name\":\"MayanKin\",\"url\":\"https:\/\/mayankin.com\/es\/\",\"logo\":{\"@type\":\"ImageObject\",\"inLanguage\":\"es\",\"@id\":\"https:\/\/mayankin.com\/es\/#\/schema\/logo\/image\/\",\"url\":\"https:\/\/mayankin.com\/es\/wp-content\/uploads\/2020\/05\/MK-Logo-Redesign.png\",\"contentUrl\":\"https:\/\/mayankin.com\/es\/wp-content\/uploads\/2020\/05\/MK-Logo-Redesign.png\",\"width\":260,\"height\":105,\"caption\":\"MayanKin\"},\"image\":{\"@id\":\"https:\/\/mayankin.com\/es\/#\/schema\/logo\/image\/\"},\"sameAs\":[\"https:\/\/www.facebook.com\/MayanKinEspanol\/\",\"https:\/\/x.com\/mayankin\"]},{\"@type\":\"Person\",\"@id\":\"https:\/\/mayankin.com\/es\/#\/schema\/person\/601cc66c44bf0f716391c6c43b67bfcb\",\"name\":\"Mariela Maya\",\"image\":{\"@type\":\"ImageObject\",\"inLanguage\":\"es\",\"@id\":\"https:\/\/mayankin.com\/es\/#\/schema\/person\/image\/\",\"url\":\"https:\/\/secure.gravatar.com\/avatar\/c6f983c362036e47ce530d2c264be419cc4fd3d5e955367410933f4e9236c2e6?s=96&d=mm&r=g\",\"contentUrl\":\"https:\/\/secure.gravatar.com\/avatar\/c6f983c362036e47ce530d2c264be419cc4fd3d5e955367410933f4e9236c2e6?s=96&d=mm&r=g\",\"caption\":\"Mariela Maya\"}}]}<\/script>\n<!-- \/ Yoast SEO plugin. -->","yoast_head_json":{"title":"Avanzando con Valentia | OE Guerrero Amarillo - MayanKin","description":"La Onda Encantada del Guerrero Amarillo comienza hoy con trece d\u00edas para tener la valent\u00eda de ponerte metas y hacerlas realidad!","robots":{"index":"index","follow":"follow","max-snippet":"max-snippet:-1","max-image-preview":"max-image-preview:large","max-video-preview":"max-video-preview:-1"},"canonical":"https:\/\/mayankin.com\/es\/blog\/oe-guerrero-amarillo-avanzando-con-valentia\/","og_locale":"es_ES","og_type":"article","og_title":"Avanzando con Valentia | OE Guerrero Amarillo - MayanKin","og_description":"La Onda Encantada del Guerrero Amarillo comienza hoy con trece d\u00edas para tener la valent\u00eda de ponerte metas y hacerlas realidad!","og_url":"https:\/\/mayankin.com\/es\/blog\/oe-guerrero-amarillo-avanzando-con-valentia\/","og_site_name":"MayanKin","article_publisher":"https:\/\/www.facebook.com\/MayanKinEspanol\/","article_published_time":"2023-08-15T04:26:46+00:00","article_modified_time":"2023-08-17T04:04:25+00:00","og_image":[{"width":500,"height":392,"url":"https:\/\/mayankin.com\/es\/wp-content\/uploads\/2022\/11\/MayanKin-Mariela-Maya-BridgingWorlds-Tzolkin-Yellow-Warrior-Cib-Butterfly-090121-WS16-FI.png","type":"image\/png"}],"author":"Mariela Maya","twitter_card":"summary_large_image","twitter_creator":"@mayankin","twitter_site":"@mayankin","twitter_misc":{"Escrito por":"Mariela Maya","Tiempo de lectura":"4 minutos"},"schema":{"@context":"https:\/\/schema.org","@graph":[{"@type":"Article","@id":"https:\/\/mayankin.com\/es\/blog\/oe-guerrero-amarillo-avanzando-con-valentia\/#article","isPartOf":{"@id":"https:\/\/mayankin.com\/es\/blog\/oe-guerrero-amarillo-avanzando-con-valentia\/"},"author":{"name":"Mariela Maya","@id":"https:\/\/mayankin.com\/es\/#\/schema\/person\/601cc66c44bf0f716391c6c43b67bfcb"},"headline":"OE Guerrero Amarillo","datePublished":"2023-08-15T04:26:46+00:00","dateModified":"2023-08-17T04:04:25+00:00","mainEntityOfPage":{"@id":"https:\/\/mayankin.com\/es\/blog\/oe-guerrero-amarillo-avanzando-con-valentia\/"},"wordCount":413,"commentCount":0,"publisher":{"@id":"https:\/\/mayankin.com\/es\/#organization"},"image":{"@id":"https:\/\/mayankin.com\/es\/blog\/oe-guerrero-amarillo-avanzando-con-valentia\/#primaryimage"},"thumbnailUrl":"https:\/\/mayankin.com\/es\/wp-content\/uploads\/2022\/11\/MayanKin-Mariela-Maya-BridgingWorlds-Tzolkin-Yellow-Warrior-Cib-Butterfly-090121-WS16-FI.png","keywords":["mariela maya","mayankin","tzolkin","Calendario Maya","Onda Encantada del Guerrero Amarillo"],"articleSection":["Ciclo Anterior 3 Feb - 20 Oct 2023"],"inLanguage":"es","potentialAction":[{"@type":"CommentAction","name":"Comment","target":["https:\/\/mayankin.com\/es\/blog\/oe-guerrero-amarillo-avanzando-con-valentia\/#respond"]}]},{"@type":"WebPage","@id":"https:\/\/mayankin.com\/es\/blog\/oe-guerrero-amarillo-avanzando-con-valentia\/","url":"https:\/\/mayankin.com\/es\/blog\/oe-guerrero-amarillo-avanzando-con-valentia\/","name":"Avanzando con Valentia | OE Guerrero Amarillo - MayanKin","isPartOf":{"@id":"https:\/\/mayankin.com\/es\/#website"},"primaryImageOfPage":{"@id":"https:\/\/mayankin.com\/es\/blog\/oe-guerrero-amarillo-avanzando-con-valentia\/#primaryimage"},"image":{"@id":"https:\/\/mayankin.com\/es\/blog\/oe-guerrero-amarillo-avanzando-con-valentia\/#primaryimage"},"thumbnailUrl":"https:\/\/mayankin.com\/es\/wp-content\/uploads\/2022\/11\/MayanKin-Mariela-Maya-BridgingWorlds-Tzolkin-Yellow-Warrior-Cib-Butterfly-090121-WS16-FI.png","datePublished":"2023-08-15T04:26:46+00:00","dateModified":"2023-08-17T04:04:25+00:00","description":"La Onda Encantada del Guerrero Amarillo comienza hoy con trece d\u00edas para tener la valent\u00eda de ponerte metas y hacerlas realidad!","breadcrumb":{"@id":"https:\/\/mayankin.com\/es\/blog\/oe-guerrero-amarillo-avanzando-con-valentia\/#breadcrumb"},"inLanguage":"es","potentialAction":[{"@type":"ReadAction","target":["https:\/\/mayankin.com\/es\/blog\/oe-guerrero-amarillo-avanzando-con-valentia\/"]}]},{"@type":"ImageObject","inLanguage":"es","@id":"https:\/\/mayankin.com\/es\/blog\/oe-guerrero-amarillo-avanzando-con-valentia\/#primaryimage","url":"https:\/\/mayankin.com\/es\/wp-content\/uploads\/2022\/11\/MayanKin-Mariela-Maya-BridgingWorlds-Tzolkin-Yellow-Warrior-Cib-Butterfly-090121-WS16-FI.png","contentUrl":"https:\/\/mayankin.com\/es\/wp-content\/uploads\/2022\/11\/MayanKin-Mariela-Maya-BridgingWorlds-Tzolkin-Yellow-Warrior-Cib-Butterfly-090121-WS16-FI.png","width":500,"height":392},{"@type":"BreadcrumbList","@id":"https:\/\/mayankin.com\/es\/blog\/oe-guerrero-amarillo-avanzando-con-valentia\/#breadcrumb","itemListElement":[{"@type":"ListItem","position":1,"name":"Portada","item":"https:\/\/mayankin.com\/es\/"},{"@type":"ListItem","position":2,"name":"OE Guerrero Amarillo"}]},{"@type":"WebSite","@id":"https:\/\/mayankin.com\/es\/#website","url":"https:\/\/mayankin.com\/es\/","name":"MayanKin","description":"","publisher":{"@id":"https:\/\/mayankin.com\/es\/#organization"},"potentialAction":[{"@type":"SearchAction","target":{"@type":"EntryPoint","urlTemplate":"https:\/\/mayankin.com\/es\/?s={search_term_string}"},"query-input":{"@type":"PropertyValueSpecification","valueRequired":true,"valueName":"search_term_string"}}],"inLanguage":"es"},{"@type":"Organization","@id":"https:\/\/mayankin.com\/es\/#organization","name":"MayanKin","url":"https:\/\/mayankin.com\/es\/","logo":{"@type":"ImageObject","inLanguage":"es","@id":"https:\/\/mayankin.com\/es\/#\/schema\/logo\/image\/","url":"https:\/\/mayankin.com\/es\/wp-content\/uploads\/2020\/05\/MK-Logo-Redesign.png","contentUrl":"https:\/\/mayankin.com\/es\/wp-content\/uploads\/2020\/05\/MK-Logo-Redesign.png","width":260,"height":105,"caption":"MayanKin"},"image":{"@id":"https:\/\/mayankin.com\/es\/#\/schema\/logo\/image\/"},"sameAs":["https:\/\/www.facebook.com\/MayanKinEspanol\/","https:\/\/x.com\/mayankin"]},{"@type":"Person","@id":"https:\/\/mayankin.com\/es\/#\/schema\/person\/601cc66c44bf0f716391c6c43b67bfcb","name":"Mariela Maya","image":{"@type":"ImageObject","inLanguage":"es","@id":"https:\/\/mayankin.com\/es\/#\/schema\/person\/image\/","url":"https:\/\/secure.gravatar.com\/avatar\/c6f983c362036e47ce530d2c264be419cc4fd3d5e955367410933f4e9236c2e6?s=96&d=mm&r=g","contentUrl":"https:\/\/secure.gravatar.com\/avatar\/c6f983c362036e47ce530d2c264be419cc4fd3d5e955367410933f4e9236c2e6?s=96&d=mm&r=g","caption":"Mariela Maya"}}]}},"_links":{"self":[{"href":"https:\/\/mayankin.com\/es\/wp-json\/wp\/v2\/posts\/15910","targetHints":{"allow":["GET"]}}],"collection":[{"href":"https:\/\/mayankin.com\/es\/wp-json\/wp\/v2\/posts"}],"about":[{"href":"https:\/\/mayankin.com\/es\/wp-json\/wp\/v2\/types\/post"}],"author":[{"embeddable":true,"href":"https:\/\/mayankin.com\/es\/wp-json\/wp\/v2\/users\/2"}],"replies":[{"embeddable":true,"href":"https:\/\/mayankin.com\/es\/wp-json\/wp\/v2\/comments?post=15910"}],"version-history":[{"count":3,"href":"https:\/\/mayankin.com\/es\/wp-json\/wp\/v2\/posts\/15910\/revisions"}],"predecessor-version":[{"id":15918,"href":"https:\/\/mayankin.com\/es\/wp-json\/wp\/v2\/posts\/15910\/revisions\/15918"}],"wp:featuredmedia":[{"embeddable":true,"href":"https:\/\/mayankin.com\/es\/wp-json\/wp\/v2\/media\/15598"}],"wp:attachment":[{"href":"https:\/\/mayankin.com\/es\/wp-json\/wp\/v2\/media?parent=15910"}],"wp:term":[{"taxonomy":"category","embeddable":true,"href":"https:\/\/mayankin.com\/es\/wp-json\/wp\/v2\/categories?post=15910"},{"taxonomy":"post_tag","embeddable":true,"href":"https:\/\/mayankin.com\/es\/wp-json\/wp\/v2\/tags?post=15910"}],"curies":[{"name":"wp","href":"https:\/\/api.w.org\/{rel}","templated":true}]}}